{"id":1624,"date":"2022-01-19T16:21:13","date_gmt":"2022-01-19T15:21:13","guid":{"rendered":"https:\/\/www.hirondelle.org\/temoignage-sur-les-sanctions-economiques-contre-le-mali"},"modified":"2022-01-19T16:21:13","modified_gmt":"2022-01-19T15:21:13","slug":"temoignage-sur-les-sanctions-economiques-contre-le-mali","status":"publish","type":"post","link":"https:\/\/www.hirondelle.org\/fr\/temoignage-sur-les-sanctions-economiques-contre-le-mali","title":{"rendered":"T\u00e9moignage sur les sanctions \u00e9conomiques contre le Mali"},"content":{"rendered":"<p>Le r\u00e9dacteur en chef de Studio Tamani, le m\u00e9dia de la Fondation Hirondelle au Mali, \u00e9tait invit\u00e9 dans \u00ab\u00a0Le Temps Afrique\u00a0\u00bb au milieu du mois de janvier. La CEDEAO et l\u2019UEMOA avaient d\u00e9cr\u00e9t\u00e9s des sanctions le 9 janvier \u00e0 cause d\u2019un calendrier de transition jug\u00e9 trop long par la communaut\u00e9 ouest-africaine. Mouhamadou Tour\u00e9 s\u2019est exprim\u00e9 sur la situation et sur le ressentiment des Maliens impact\u00e9s par ces sanctions \u00e9conomiques.<\/p>\n<p><a href=\"https:\/\/www.letemps.ch\/monde\/sanctions-internationales-une-arme-emoussee?shouldPreventPurchase=true&amp;inAppView=3.9.0\">https:\/\/www.letemps.ch\/monde\/sanctions-internationales-une-arme-emoussee?shouldPreventPurchase=true&amp;inAppView=3.9.0<\/a>\u00a0<\/p>\n","protected":false},"excerpt":{"rendered":"<p>Le r\u00e9dacteur en chef de Studio Tamani, le m\u00e9dia de la Fondation Hirondelle au Mali, \u00e9tait invit\u00e9 dans \u00ab\u00a0Le Temps Afrique\u00a0\u00bb au milieu du mois de janvier. La CEDEAO et l\u2019UEMOA avaient d\u00e9cr\u00e9t\u00e9s des sanctions le 9 janvier \u00e0 cause d\u2019un calendrier de transition jug\u00e9 trop long par la communaut\u00e9 ouest-africaine. Mouhamadou Tour\u00e9 s\u2019est exprim\u00e9 [&hellip;]<\/p>\n","protected":false},"author":9,"featured_media":4192,"comment_status":"","ping_status":"open","sticky":false,"template":"","format":"standard","meta":{"_acf_changed":false,"footnotes":""},"categories":[174],"tags":[230],"class_list":["post-1624","post","type-post","status-publish","format-standard","has-post-thumbnail","hentry","category-revue-de-presse","tag-operation-en-cours-mali"],"acf":[],"publishpress_future_action":{"enabled":false,"date":"2026-05-02 10:58:12","action":"change-status","newStatus":"draft","terms":[],"taxonomy":"category","extraData":[]},"publishpress_future_workflow_manual_trigger":{"enabledWorkflows":[]},"_links":{"self":[{"href":"https:\/\/www.hirondelle.org\/fr\/wp-json\/wp\/v2\/posts\/1624","targetHints":{"allow":["GET"]}}],"collection":[{"href":"https:\/\/www.hirondelle.org\/fr\/wp-json\/wp\/v2\/posts"}],"about":[{"href":"https:\/\/www.hirondelle.org\/fr\/wp-json\/wp\/v2\/types\/post"}],"author":[{"embeddable":true,"href":"https:\/\/www.hirondelle.org\/fr\/wp-json\/wp\/v2\/users\/9"}],"replies":[{"embeddable":true,"href":"https:\/\/www.hirondelle.org\/fr\/wp-json\/wp\/v2\/comments?post=1624"}],"version-history":[{"count":0,"href":"https:\/\/www.hirondelle.org\/fr\/wp-json\/wp\/v2\/posts\/1624\/revisions"}],"wp:featuredmedia":[{"embeddable":true,"href":"https:\/\/www.hirondelle.org\/fr\/wp-json\/wp\/v2\/media\/4192"}],"wp:attachment":[{"href":"https:\/\/www.hirondelle.org\/fr\/wp-json\/wp\/v2\/media?parent=1624"}],"wp:term":[{"taxonomy":"category","embeddable":true,"href":"https:\/\/www.hirondelle.org\/fr\/wp-json\/wp\/v2\/categories?post=1624"},{"taxonomy":"post_tag","embeddable":true,"href":"https:\/\/www.hirondelle.org\/fr\/wp-json\/wp\/v2\/tags?post=1624"}],"curies":[{"name":"wp","href":"https:\/\/api.w.org\/{rel}","templated":true}]}}