{"id":25499,"date":"2026-04-28T12:06:52","date_gmt":"2026-04-28T10:06:52","guid":{"rendered":"https:\/\/www.hirondelle.org\/?p=25499"},"modified":"2026-04-28T12:06:52","modified_gmt":"2026-04-28T10:06:52","slug":"pour-un-financement-durable-des-medias-dinteret-public","status":"publish","type":"post","link":"https:\/\/www.hirondelle.org\/fr\/pour-un-financement-durable-des-medias-dinteret-public","title":{"rendered":"Pour un financement durable des m\u00e9dias d\u2019int\u00e9r\u00eat public"},"content":{"rendered":"\n<p><em>Dans la derni\u00e8re \u00e9dition de MediaDev Insider \u2014 un guide pour comprendre comment soutenir le journalisme et les m\u00e9dias, propos\u00e9 par GFMD IMPACT \u2014 Caroline Vuillemin, directrice g\u00e9n\u00e9rale de la Fondation Hirondelle et membre du comit\u00e9 de pilotage du GFMD, souligne l\u2019urgence de garantir un financement durable aux m\u00e9dias d\u2019int\u00e9r\u00eat public, \u00e0 l\u2019heure o\u00f9 l\u2019Union europ\u00e9enne fait progresser les n\u00e9gociations sur son prochain cadre budg\u00e9taire.<\/em><\/p>\n\n\n\n<p>Lorsque des communaut\u00e9s sont coup\u00e9es du monde par les conflits, d\u00e9plac\u00e9es par la violence ou tentent <a href=\"https:\/\/www.ifrc.org\/document\/world-disasters-report-2026\">de survivre \u00e0 une crise humanitaire<\/a>, l\u2019acc\u00e8s \u00e0 une information fiable devient une n\u00e9cessit\u00e9 encore plus concr\u00e8te. <strong>Les journalistes locaux et les m\u00e9dias d\u2019int\u00e9r\u00eat public sont souvent les seuls acteurs capables d\u2019atteindre ces communaut\u00e9s dans leurs langues maternelles et par les canaux auxquels elles font confiance, avec les informations dont elles ont besoin pour survivre, prendre des d\u00e9cisions et demander des comptes aux d\u00e9tenteurs du pouvoir.<\/strong><\/p>\n\n\n\n<p>Les organisations humanitaires comme le CICR et le HCR <a href=\"https:\/\/unesdoc.unesco.org\/ark:\/48223\/pf0000389301\">le reconnaissent<\/a> : elles d\u00e9pendent des m\u00e9dias locaux pour atteindre les populations affect\u00e9es d\u2019une mani\u00e8re que peu d\u2019autres acteurs peuvent \u00e9galer. Et pourtant, ce sont pr\u00e9cis\u00e9ment ces organisations m\u00e9diatiques qui ont le moins de chances de survivre sans un soutien ext\u00e9rieur durable et de long terme. Travailler dans des contextes fragiles et touch\u00e9s par les conflits signifie devoir composer en permanence avec l\u2019ins\u00e9curit\u00e9, la m\u00e9sinformation et la d\u00e9sinformation, les d\u00e9placements de population, le harc\u00e8lement politique et la pr\u00e9carit\u00e9 \u00e9conomique. Le financement \u00e0 court terme, fond\u00e9 sur des projets \u2014 qui reste le mod\u00e8le dominant \u2014 ne permet pas de construire des r\u00e9dactions r\u00e9silientes. Il produit des r\u00e9dactions pr\u00e9caires. Il oblige les \u00e9quipes \u00e9ditoriales \u00e0 courir apr\u00e8s les cycles de subventions plut\u00f4t qu\u2019\u00e0 servir leurs publics. Il r\u00e9compense la visibilit\u00e9 au d\u00e9triment de la profondeur, et l\u2019activit\u00e9 au d\u00e9triment de l\u2019impact. <strong>Si nous consid\u00e9rons r\u00e9ellement le journalisme ind\u00e9pendant comme un pilier de la d\u00e9mocratie et de la stabilit\u00e9, nous avons besoin de cadres de financement qui soient \u00e0 la hauteur de cet engagement.<\/strong><\/p>\n\n\n\n<p><\/p>\n\n\n\n<div class=\"wp-block-columns is-layout-flex wp-container-core-columns-is-layout-9d6595d7 wp-block-columns-is-layout-flex\">\n<div class=\"wp-block-column is-layout-flow wp-block-column-is-layout-flow\">\n<blockquote class=\"wp-block-quote is-layout-flow wp-block-quote-is-layout-flow\">\n<figure class=\"wp-block-pullquote\"><blockquote><p>Le financement \u00e0 court terme, fond\u00e9 sur des projets produit des r\u00e9dactions pr\u00e9caires. Il oblige les \u00e9quipes \u00e9ditoriales \u00e0 courir apr\u00e8s les cycles de subventions plut\u00f4t qu\u2019\u00e0 servir leurs publics. Il r\u00e9compense la visibilit\u00e9 au d\u00e9triment de la profondeur, et l\u2019activit\u00e9 au d\u00e9triment de l\u2019impact.<\/p><\/blockquote><\/figure>\n<\/blockquote>\n<\/div>\n\n\n\n<div class=\"wp-block-column is-layout-flow wp-block-column-is-layout-flow\">\n<p>Comme cela a \u00e9t\u00e9 expliqu\u00e9 dans les pr\u00e9c\u00e9dentes \u00e9ditions de <em>MediaDev Insider<\/em>, les n\u00e9gociations de l\u2019Union europ\u00e9enne sur son prochain <a href=\"https:\/\/policy-advocacy.gfmd.info\/policies-and-legislation\/mff\">cadre financier pluriannuel<\/a> avancent rapidement \u2014 et les d\u00e9cisions qui se dessinent aujourd\u2019hui d\u00e9finiront l\u2019action ext\u00e9rieure de l\u2019UE \u00e0 partir de 2028. Au c\u0153ur de ce cadre se trouve <a href=\"https:\/\/eur-lex.europa.eu\/legal-content\/EN\/TXT\/?uri=celex:52025PC0551\">l\u2019instrument <em>Global Europe<\/em><\/a> \u2014 le principal m\u00e9canisme par lequel l\u2019UE finance la d\u00e9mocratie, les droits humains, la r\u00e9silience, le d\u00e9veloppement et l\u2019aide humanitaire dans les pays partenaires.<\/p>\n<\/div>\n<\/div>\n\n\n\n<p><strong>Les choix qui seront faits dans les prochains mois quant \u00e0 la structure de cet instrument, aux priorit\u00e9s qu\u2019il d\u00e9signera explicitement et \u00e0 la mani\u00e8re dont il allouera ses ressources auront des cons\u00e9quences directes et durables sur la part limit\u00e9e de l\u2019aide financi\u00e8re qui soutient les m\u00e9dias d\u2019int\u00e9r\u00eat public \u00e0 travers le monde, y compris dans les contextes fragiles et touch\u00e9s par les conflits o\u00f9 ce soutien est le plus n\u00e9cessaire.<\/strong><\/p>\n\n\n\n<p>Sans reconnaissance explicite du journalisme ind\u00e9pendant comme infrastructure d\u00e9mocratique essentielle, et sans m\u00e9canismes de financement d\u00e9di\u00e9s, flexibles et de long terme \u00e0 la hauteur de cet enjeu, l\u2019instrument <em>Global Europe<\/em> risque de reproduire les m\u00eames d\u00e9faillances structurelles qui ont laiss\u00e9 les m\u00e9dias d\u2019int\u00e9r\u00eat public durablement sous-financ\u00e9s. <strong>La fen\u00eatre pour influencer ce r\u00e8glement est \u00e9troite, mais elle est ouverte.<\/strong> Cette \u00e9dition rassemble tout ce dont les membres du GFMD ont besoin pour contribuer \u00e0 ce processus : <a href=\"https:\/\/gfmd.info\/h-content\/uploads\/2026\/04\/GEI-Regulation-Legislative-Amendments-Table-EUMediaAdvGroup-AM-Justification.pdf\">des propositions d\u2019amendements au r\u00e8glement <em>Global Europe<\/em><\/a>, une <a href=\"https:\/\/drive.google.com\/file\/d\/19YeyydPW-Yd2DxOm5uNUbo3RwoireFMe\/view\">vue d\u2019ensemble du calendrier du cadre financier pluriannuel<\/a>, une <a href=\"https:\/\/drive.google.com\/file\/d\/1PXRvTTxEjSkE-OaveEpkR-KaJelijgO3\/view\">analyse approfondie du projet de r\u00e8glement,<\/a> ainsi que d\u2019autres ressources. Que vous soyez en dialogue direct avec les institutions de l\u2019UE, que vous passiez par les d\u00e9l\u00e9gations nationales ou que vous relayiez cet argumentaire dans votre propre contexte, ces documents sont con\u00e7us pour soutenir vos efforts.<\/p>\n\n\n\n<p class=\"has-text-align-right\"><strong>Caroline Vuillemin,<\/strong> Directrice g\u00e9n\u00e9rale de la Fondation Hirondelle<\/p>\n\n\n\n<hr class=\"wp-block-separator has-alpha-channel-opacity\"\/>\n\n\n\n<p><a href=\"https:\/\/us2-campaign--archive-com.translate.goog\/?u=8319290829244f21c232b3830&amp;id=a43d4a84c7&amp;_x_tr_sl=auto&amp;_x_tr_tl=en&amp;_x_tr_hl=auto\">Lire l\u2019\u00e9dition compl\u00e8te du mois d\u2019avril de <em>MediaDev Insider<\/em> ici.<\/a><\/p>\n","protected":false},"excerpt":{"rendered":"<p>Dans la derni\u00e8re \u00e9dition de MediaDev Insider \u2014 un guide pour comprendre comment soutenir le journalisme et les m\u00e9dias, propos\u00e9 par GFMD IMPACT \u2014 Caroline Vuillemin, directrice g\u00e9n\u00e9rale de la Fondation Hirondelle et membre du comit\u00e9 de pilotage du GFMD, souligne l\u2019urgence de garantir un financement durable aux m\u00e9dias d\u2019int\u00e9r\u00eat public, \u00e0 l\u2019heure o\u00f9 l\u2019Union [&hellip;]<\/p>\n","protected":false},"author":7,"featured_media":25495,"comment_status":"closed","ping_status":"open","sticky":false,"template":"","format":"standard","meta":{"_acf_changed":false,"footnotes":""},"categories":[1,171,147],"tags":[261],"class_list":["post-25499","post","type-post","status-publish","format-standard","has-post-thumbnail","hentry","category-non-classifiee","category-notre-actualite","category-actualites-de-la-fondation-hirondelle","tag-expertise-crises-humanitaires"],"acf":[],"publishpress_future_action":{"enabled":false,"date":"2026-05-05 16:09:55","action":"change-status","newStatus":"draft","terms":[],"taxonomy":"category","extraData":[]},"publishpress_future_workflow_manual_trigger":{"enabledWorkflows":[]},"_links":{"self":[{"href":"https:\/\/www.hirondelle.org\/fr\/wp-json\/wp\/v2\/posts\/25499","targetHints":{"allow":["GET"]}}],"collection":[{"href":"https:\/\/www.hirondelle.org\/fr\/wp-json\/wp\/v2\/posts"}],"about":[{"href":"https:\/\/www.hirondelle.org\/fr\/wp-json\/wp\/v2\/types\/post"}],"author":[{"embeddable":true,"href":"https:\/\/www.hirondelle.org\/fr\/wp-json\/wp\/v2\/users\/7"}],"replies":[{"embeddable":true,"href":"https:\/\/www.hirondelle.org\/fr\/wp-json\/wp\/v2\/comments?post=25499"}],"version-history":[{"count":3,"href":"https:\/\/www.hirondelle.org\/fr\/wp-json\/wp\/v2\/posts\/25499\/revisions"}],"predecessor-version":[{"id":25731,"href":"https:\/\/www.hirondelle.org\/fr\/wp-json\/wp\/v2\/posts\/25499\/revisions\/25731"}],"wp:featuredmedia":[{"embeddable":true,"href":"https:\/\/www.hirondelle.org\/fr\/wp-json\/wp\/v2\/media\/25495"}],"wp:attachment":[{"href":"https:\/\/www.hirondelle.org\/fr\/wp-json\/wp\/v2\/media?parent=25499"}],"wp:term":[{"taxonomy":"category","embeddable":true,"href":"https:\/\/www.hirondelle.org\/fr\/wp-json\/wp\/v2\/categories?post=25499"},{"taxonomy":"post_tag","embeddable":true,"href":"https:\/\/www.hirondelle.org\/fr\/wp-json\/wp\/v2\/tags?post=25499"}],"curies":[{"name":"wp","href":"https:\/\/api.w.org\/{rel}","templated":true}]}}