{"id":28859,"date":"2026-08-31T16:23:19","date_gmt":"2026-08-31T14:23:19","guid":{"rendered":"https:\/\/www.hirondelle.org\/?p=28859"},"modified":"2026-08-31T16:23:20","modified_gmt":"2026-08-31T14:23:20","slug":"afrique-avenir","status":"publish","type":"post","link":"https:\/\/www.hirondelle.org\/fr\/afrique-avenir","title":{"rendered":"Afrique Avenir"},"content":{"rendered":"\n<p>Le 12 ao\u00fbt, Pauline Bend, responsable de programme \u00e0 la Fondation Hirondelle, a \u00e9t\u00e9 invit\u00e9e sur BBC News Afrique dans l\u2019\u00e9mission \u00ab Afrique Avenir \u00bb, consacr\u00e9e aux jeunes entrepreneurs africains.<\/p>\n\n\n\n<p><a href=\"https:\/\/www.bbc.com\/afrique\/bbc_afrique_radio\/w1730kd91dn6fp8\">\u00c9coutez l\u2019\u00e9mission ici<\/a><\/p>\n\n\n\n<p><\/p>\n","protected":false},"excerpt":{"rendered":"<p>Le 12 ao\u00fbt, Pauline Bend, responsable de programme \u00e0 la Fondation Hirondelle, a \u00e9t\u00e9 invit\u00e9e sur BBC News Afrique dans l\u2019\u00e9mission \u00ab Afrique Avenir \u00bb, consacr\u00e9e aux jeunes entrepreneurs africains. \u00c9coutez l\u2019\u00e9mission ici<\/p>\n","protected":false},"author":7,"featured_media":28862,"comment_status":"closed","ping_status":"open","sticky":false,"template":"","format":"standard","meta":{"_acf_changed":false,"footnotes":""},"categories":[1,174],"tags":[],"class_list":["post-28859","post","type-post","status-publish","format-standard","has-post-thumbnail","hentry","category-non-classifiee","category-revue-de-presse"],"acf":[],"publishpress_future_action":{"enabled":false,"date":"2026-09-10 09:06:59","action":"change-status","newStatus":"draft","terms":[],"taxonomy":"category","extraData":[]},"publishpress_future_workflow_manual_trigger":{"enabledWorkflows":[]},"_links":{"self":[{"href":"https:\/\/www.hirondelle.org\/fr\/wp-json\/wp\/v2\/posts\/28859","targetHints":{"allow":["GET"]}}],"collection":[{"href":"https:\/\/www.hirondelle.org\/fr\/wp-json\/wp\/v2\/posts"}],"about":[{"href":"https:\/\/www.hirondelle.org\/fr\/wp-json\/wp\/v2\/types\/post"}],"author":[{"embeddable":true,"href":"https:\/\/www.hirondelle.org\/fr\/wp-json\/wp\/v2\/users\/7"}],"replies":[{"embeddable":true,"href":"https:\/\/www.hirondelle.org\/fr\/wp-json\/wp\/v2\/comments?post=28859"}],"version-history":[{"count":2,"href":"https:\/\/www.hirondelle.org\/fr\/wp-json\/wp\/v2\/posts\/28859\/revisions"}],"predecessor-version":[{"id":28865,"href":"https:\/\/www.hirondelle.org\/fr\/wp-json\/wp\/v2\/posts\/28859\/revisions\/28865"}],"wp:featuredmedia":[{"embeddable":true,"href":"https:\/\/www.hirondelle.org\/fr\/wp-json\/wp\/v2\/media\/28862"}],"wp:attachment":[{"href":"https:\/\/www.hirondelle.org\/fr\/wp-json\/wp\/v2\/media?parent=28859"}],"wp:term":[{"taxonomy":"category","embeddable":true,"href":"https:\/\/www.hirondelle.org\/fr\/wp-json\/wp\/v2\/categories?post=28859"},{"taxonomy":"post_tag","embeddable":true,"href":"https:\/\/www.hirondelle.org\/fr\/wp-json\/wp\/v2\/tags?post=28859"}],"curies":[{"name":"wp","href":"https:\/\/api.w.org\/{rel}","templated":true}]}}